{"id":2256,"date":"2020-11-17T18:09:14","date_gmt":"2020-11-17T17:09:14","guid":{"rendered":"https:\/\/ostreisud.fr\/?p=2256"},"modified":"2024-05-15T11:23:59","modified_gmt":"2024-05-15T09:23:59","slug":"pas-de-confinement-pour-les-huitres-et-moules-de-bouzigues-rendez-vous-vendredi-et-samedi-a-gilly-sur-isere","status":"publish","type":"post","link":"https:\/\/ostreisud.fr\/?p=2256","title":{"rendered":"Pas de confinement pour les Huitres et Moules de Bouzigues, rendez vous vendredi et samedi \u00e0 Gilly sur Is\u00e8re"},"content":{"rendered":"\t\t<div data-elementor-type=\"wp-post\" data-elementor-id=\"2256\" class=\"elementor elementor-2256\">\n\t\t\t\t\t\t<section class=\"elementor-section elementor-top-section elementor-element elementor-element-302dabf elementor-section-boxed elementor-section-height-default elementor-section-height-default\" data-id=\"302dabf\" data-element_type=\"section\" data-e-type=\"section\">\n\t\t\t\t\t\t<div class=\"elementor-container elementor-column-gap-default\">\n\t\t\t\t\t<div class=\"elementor-column elementor-col-100 elementor-top-column elementor-element elementor-element-53342ac\" data-id=\"53342ac\" data-element_type=\"column\" data-e-type=\"column\">\n\t\t\t<div class=\"elementor-widget-wrap elementor-element-populated\">\n\t\t\t\t\t\t<div class=\"elementor-element elementor-element-419efc4 elementor-widget elementor-widget-heading\" data-id=\"419efc4\" data-element_type=\"widget\" data-e-type=\"widget\" data-widget_type=\"heading.default\">\n\t\t\t\t<div class=\"elementor-widget-container\">\n\t\t\t\t\t<h2 class=\"elementor-heading-title elementor-size-default\">Pas de confinement pour les huitres et les moules de Bouzigues, elles seront \u00e0 Gilly sur Is\u00e8re cette semaine<\/h2>\t\t\t\t<\/div>\n\t\t\t\t<\/div>\n\t\t\t\t\t<\/div>\n\t\t<\/div>\n\t\t\t\t\t<\/div>\n\t\t<\/section>\n\t\t\t\t<section class=\"elementor-section elementor-top-section elementor-element elementor-element-4f2ba0e elementor-section-boxed elementor-section-height-default elementor-section-height-default\" data-id=\"4f2ba0e\" data-element_type=\"section\" data-e-type=\"section\">\n\t\t\t\t\t\t<div class=\"elementor-container elementor-column-gap-default\">\n\t\t\t\t\t<div class=\"elementor-column elementor-col-100 elementor-top-column elementor-element elementor-element-4d78378\" data-id=\"4d78378\" data-element_type=\"column\" data-e-type=\"column\">\n\t\t\t<div class=\"elementor-widget-wrap elementor-element-populated\">\n\t\t\t\t\t\t<div class=\"elementor-element elementor-element-72780bb elementor-widget elementor-widget-text-editor\" data-id=\"72780bb\" data-element_type=\"widget\" data-e-type=\"widget\" data-widget_type=\"text-editor.default\">\n\t\t\t\t<div class=\"elementor-widget-container\">\n\t\t\t\t\t\t\t\t\t<p>Retrouvez moi devant <a href=\"https:\/\/saveursdenosfermes.fr\/\">Saveurs de nos Fermes<\/a> \u00e0 Gilly sur Is\u00e8re, \u00e0 cot\u00e9 d&rsquo;Albertville et \u00e0 Chamb\u00e9ry devant <a href=\"http:\/\/www.laravoirepaysanne.fr\/\">La Ravoire Paysanne<\/a> et <a href=\"http:\/\/www.cooptremblay.fr\/ElementsRubrique.aspx?SITE=COOPTR1&amp;RUB=884&amp;MP_SS_RUB=ELEM&amp;MP_ELT=DETAI&amp;PAGE=1&amp;Lang=FR\">La coop\u00e9rative du Tremblay.<\/a> Je vous proposerai mes huitres et moules de Bouzigues, ainsi que des huitres plates. Tous ces coquillages sont issus de l&rsquo;\u00e9tang de Thau et de ma production.<\/p>\t\t\t\t\t\t\t\t<\/div>\n\t\t\t\t<\/div>\n\t\t\t\t\t<\/div>\n\t\t<\/div>\n\t\t\t\t\t<\/div>\n\t\t<\/section>\n\t\t\t\t<section class=\"elementor-section elementor-top-section elementor-element elementor-element-63e67ca elementor-section-boxed elementor-section-height-default elementor-section-height-default\" data-id=\"63e67ca\" data-element_type=\"section\" data-e-type=\"section\">\n\t\t\t\t\t\t<div class=\"elementor-container elementor-column-gap-default\">\n\t\t\t\t\t<div class=\"elementor-column elementor-col-100 elementor-top-column elementor-element elementor-element-536cf9a\" data-id=\"536cf9a\" data-element_type=\"column\" data-e-type=\"column\">\n\t\t\t<div class=\"elementor-widget-wrap elementor-element-populated\">\n\t\t\t\t\t\t<div class=\"elementor-element elementor-element-f721537 elementor-arrows-position-inside elementor-pagination-position-outside elementor-widget elementor-widget-image-carousel\" data-id=\"f721537\" data-element_type=\"widget\" data-e-type=\"widget\" data-settings=\"{&quot;slides_to_show&quot;:&quot;1&quot;,&quot;navigation&quot;:&quot;both&quot;,&quot;autoplay&quot;:&quot;yes&quot;,&quot;pause_on_hover&quot;:&quot;yes&quot;,&quot;pause_on_interaction&quot;:&quot;yes&quot;,&quot;autoplay_speed&quot;:5000,&quot;infinite&quot;:&quot;yes&quot;,&quot;effect&quot;:&quot;slide&quot;,&quot;speed&quot;:500}\" data-widget_type=\"image-carousel.default\">\n\t\t\t\t<div class=\"elementor-widget-container\">\n\t\t\t\t\t\t\t<div class=\"elementor-image-carousel-wrapper swiper\" role=\"region\" aria-roledescription=\"carousel\" aria-label=\"Carrousel d\u2019images\" dir=\"ltr\">\n\t\t\t<div class=\"elementor-image-carousel swiper-wrapper\" aria-live=\"off\">\n\t\t\t\t\t\t\t\t<div class=\"swiper-slide\" role=\"group\" aria-roledescription=\"slide\" aria-label=\"1 sur 2\"><figure class=\"swiper-slide-inner\"><img decoding=\"async\" class=\"swiper-slide-image lazyload\" data-src=\"https:\/\/i0.wp.com\/ostreisud.fr\/wp-content\/uploads\/2020\/10\/IMG_20201009_085605_464-Copy.jpg?fit=2048%2C1536&amp;ssl=1\" alt=\"\u00e9tal huitre Gilly sur Is\u00e8re\" src=\"data:image\/svg+xml;base64,PHN2ZyB3aWR0aD0iMSIgaGVpZ2h0PSIxIiB4bWxucz0iaHR0cDovL3d3dy53My5vcmcvMjAwMC9zdmciPjwvc3ZnPg==\" \/><\/figure><\/div><div class=\"swiper-slide\" role=\"group\" aria-roledescription=\"slide\" aria-label=\"2 sur 2\"><figure class=\"swiper-slide-inner\"><img decoding=\"async\" class=\"swiper-slide-image lazyload\" data-src=\"https:\/\/i0.wp.com\/ostreisud.fr\/wp-content\/uploads\/2020\/10\/IMG_20201023_085408_466.jpg?fit=1192%2C895&amp;ssl=1\" alt=\"huitre plate de thau\" src=\"data:image\/svg+xml;base64,PHN2ZyB3aWR0aD0iMSIgaGVpZ2h0PSIxIiB4bWxucz0iaHR0cDovL3d3dy53My5vcmcvMjAwMC9zdmciPjwvc3ZnPg==\" \/><\/figure><\/div>\t\t\t<\/div>\n\t\t\t\t\t\t\t\t\t\t\t\t<div class=\"elementor-swiper-button elementor-swiper-button-prev\" role=\"button\" tabindex=\"0\">\n\t\t\t\t\t\t<i aria-hidden=\"true\" class=\"eicon-chevron-left\"><\/i>\t\t\t\t\t<\/div>\n\t\t\t\t\t<div class=\"elementor-swiper-button elementor-swiper-button-next\" role=\"button\" tabindex=\"0\">\n\t\t\t\t\t\t<i aria-hidden=\"true\" class=\"eicon-chevron-right\"><\/i>\t\t\t\t\t<\/div>\n\t\t\t\t\n\t\t\t\t\t\t\t\t\t<div class=\"swiper-pagination\"><\/div>\n\t\t\t\t\t\t\t\t\t<\/div>\n\t\t\t\t\t\t<\/div>\n\t\t\t\t<\/div>\n\t\t\t\t\t<\/div>\n\t\t<\/div>\n\t\t\t\t\t<\/div>\n\t\t<\/section>\n\t\t\t\t<section class=\"elementor-section elementor-top-section elementor-element elementor-element-d73a557 elementor-section-boxed elementor-section-height-default elementor-section-height-default\" data-id=\"d73a557\" data-element_type=\"section\" data-e-type=\"section\">\n\t\t\t\t\t\t<div class=\"elementor-container elementor-column-gap-default\">\n\t\t\t\t\t<div class=\"elementor-column elementor-col-100 elementor-top-column elementor-element elementor-element-eaab1fd\" data-id=\"eaab1fd\" data-element_type=\"column\" data-e-type=\"column\">\n\t\t\t<div class=\"elementor-widget-wrap elementor-element-populated\">\n\t\t\t\t\t\t<div class=\"elementor-element elementor-element-d3d4ee9 elementor-widget elementor-widget-text-editor\" data-id=\"d3d4ee9\" data-element_type=\"widget\" data-e-type=\"widget\" data-widget_type=\"text-editor.default\">\n\t\t\t\t<div class=\"elementor-widget-container\">\n\t\t\t\t\t\t\t\t\t<p>Pour compl\u00e9ter mon \u00e9tal j&rsquo;apporterai ma s\u00e9lection de crevettes dont les fameuses Rose de Malaisie.\u00a0 Les conserves de la maison <a href=\"https:\/\/www.azais-polito.fr\/fr\/une-histoire-de-famille-13.html\">Aza\u00efs Polito<\/a> seront aussi de la partie.<\/p><p>\u00a0<\/p>\t\t\t\t\t\t\t\t<\/div>\n\t\t\t\t<\/div>\n\t\t\t\t\t<\/div>\n\t\t<\/div>\n\t\t\t\t\t<\/div>\n\t\t<\/section>\n\t\t\t\t<section class=\"elementor-section elementor-top-section elementor-element elementor-element-d9a1ba1 elementor-section-boxed elementor-section-height-default elementor-section-height-default\" data-id=\"d9a1ba1\" data-element_type=\"section\" data-e-type=\"section\">\n\t\t\t\t\t\t<div class=\"elementor-container elementor-column-gap-default\">\n\t\t\t\t\t<div class=\"elementor-column elementor-col-100 elementor-top-column elementor-element elementor-element-331f1a0\" data-id=\"331f1a0\" data-element_type=\"column\" data-e-type=\"column\">\n\t\t\t<div class=\"elementor-widget-wrap elementor-element-populated\">\n\t\t\t\t\t\t<div class=\"elementor-element elementor-element-497ba10 elementor-widget elementor-widget-image\" data-id=\"497ba10\" data-element_type=\"widget\" data-e-type=\"widget\" data-widget_type=\"image.default\">\n\t\t\t\t<div class=\"elementor-widget-container\">\n\t\t\t\t\t\t\t\t\t\t\t\t\t\t\t<img fetchpriority=\"high\" decoding=\"async\" width=\"750\" height=\"750\" src=\"https:\/\/i0.wp.com\/ostreisud.fr\/wp-content\/uploads\/2020\/10\/IMG_20201022_111032_275-1.jpg?fit=750%2C750&amp;ssl=1\" class=\"attachment-1536x1536 size-1536x1536 wp-image-2197\" alt=\"Rose de Malaisie\" srcset=\"https:\/\/i0.wp.com\/ostreisud.fr\/wp-content\/uploads\/2020\/10\/IMG_20201022_111032_275-1.jpg?resize=150%2C150&amp;ssl=1 150w, https:\/\/i0.wp.com\/ostreisud.fr\/wp-content\/uploads\/2020\/10\/IMG_20201022_111032_275-1.jpg?resize=600%2C600&amp;ssl=1 600w\" sizes=\"(max-width: 750px) 100vw, 750px\" \/>\t\t\t\t\t\t\t\t\t\t\t\t\t\t\t<\/div>\n\t\t\t\t<\/div>\n\t\t\t\t\t<\/div>\n\t\t<\/div>\n\t\t\t\t\t<\/div>\n\t\t<\/section>\n\t\t\t\t<section class=\"elementor-section elementor-top-section elementor-element elementor-element-1c5de3f elementor-section-boxed elementor-section-height-default elementor-section-height-default\" data-id=\"1c5de3f\" data-element_type=\"section\" data-e-type=\"section\">\n\t\t\t\t\t\t<div class=\"elementor-container elementor-column-gap-default\">\n\t\t\t\t\t<div class=\"elementor-column elementor-col-100 elementor-top-column elementor-element elementor-element-391f799\" data-id=\"391f799\" data-element_type=\"column\" data-e-type=\"column\">\n\t\t\t<div class=\"elementor-widget-wrap elementor-element-populated\">\n\t\t\t\t\t\t<div class=\"elementor-element elementor-element-19f93ac elementor-widget elementor-widget-text-editor\" data-id=\"19f93ac\" data-element_type=\"widget\" data-e-type=\"widget\" data-widget_type=\"text-editor.default\">\n\t\t\t\t<div class=\"elementor-widget-container\">\n\t\t\t\t\t\t\t\t\t<p>Au cours de mon dernier passage un petit coup de pouce d&rsquo;<a href=\"https:\/\/www.facebook.com\/Albertville-Actus-479691418861129\/\">Albertville Actus<\/a> m&rsquo;a permis de faire d\u00e9couvrir mon offre \u00e0 des nouveaux clients.\u00a0 J&rsquo;ai aussi constat\u00e9 que de nombreux habitu\u00e9s avaient rat\u00e9 mon retour.<a href=\"https:\/\/ostreisud.fr\/wp-content\/uploads\/2020\/09\/A3-Ostreisud-Dates-Hiver2020-2.pdf\"><br \/><br \/>Pour ceux qui n&rsquo;aurait pas encore le calendrier de mes passages \u00e0 Gilly sur Is\u00e8re vous pouvez le t\u00e9l\u00e9charger en cliquant ici.<\/a><\/p><p>Je vais apporter un peu plus de marchandise que la derni\u00e8re fois, je n&rsquo;avais plus rien \u00e0 partir de samedi 10h30. Pour \u00eatre certain d&rsquo;\u00eatre servi je vous conseille de venir d\u00e8s vendredi ou de m&rsquo;appeler pour r\u00e9server.<\/p><p>A bient\u00f4t !<\/p>\t\t\t\t\t\t\t\t<\/div>\n\t\t\t\t<\/div>\n\t\t\t\t\t<\/div>\n\t\t<\/div>\n\t\t\t\t\t<\/div>\n\t\t<\/section>\n\t\t\t\t<section class=\"elementor-section elementor-top-section elementor-element elementor-element-55af643 elementor-section-boxed elementor-section-height-default elementor-section-height-default\" data-id=\"55af643\" data-element_type=\"section\" data-e-type=\"section\">\n\t\t\t\t\t\t<div class=\"elementor-container elementor-column-gap-default\">\n\t\t\t\t\t<div class=\"elementor-column elementor-col-100 elementor-top-column elementor-element elementor-element-18639b0\" data-id=\"18639b0\" data-element_type=\"column\" data-e-type=\"column\">\n\t\t\t<div class=\"elementor-widget-wrap elementor-element-populated\">\n\t\t\t\t\t\t<div class=\"elementor-element elementor-element-db1a253 elementor-widget elementor-widget-image\" data-id=\"db1a253\" data-element_type=\"widget\" data-e-type=\"widget\" data-widget_type=\"image.default\">\n\t\t\t\t<div class=\"elementor-widget-container\">\n\t\t\t\t\t\t\t\t\t\t\t\t<figure class=\"wp-caption\">\n\t\t\t\t\t\t\t\t\t\t<img decoding=\"async\" width=\"1536\" height=\"1152\" data-src=\"https:\/\/i0.wp.com\/ostreisud.fr\/wp-content\/uploads\/2020\/11\/IMG_20201105_131837_474-Copy.jpg?fit=1536%2C1152&amp;ssl=1\" class=\"attachment-1536x1536 size-1536x1536 wp-image-2265 lazyload\" alt=\"chargement v\u00e9hicule Ostr\u00e9isud\" data-srcset=\"https:\/\/i0.wp.com\/ostreisud.fr\/wp-content\/uploads\/2020\/11\/IMG_20201105_131837_474-Copy.jpg?w=2048&amp;ssl=1 2048w, https:\/\/i0.wp.com\/ostreisud.fr\/wp-content\/uploads\/2020\/11\/IMG_20201105_131837_474-Copy.jpg?resize=300%2C225&amp;ssl=1 300w, https:\/\/i0.wp.com\/ostreisud.fr\/wp-content\/uploads\/2020\/11\/IMG_20201105_131837_474-Copy.jpg?resize=1024%2C768&amp;ssl=1 1024w, https:\/\/i0.wp.com\/ostreisud.fr\/wp-content\/uploads\/2020\/11\/IMG_20201105_131837_474-Copy.jpg?resize=768%2C576&amp;ssl=1 768w, https:\/\/i0.wp.com\/ostreisud.fr\/wp-content\/uploads\/2020\/11\/IMG_20201105_131837_474-Copy.jpg?resize=1536%2C1152&amp;ssl=1 1536w, https:\/\/i0.wp.com\/ostreisud.fr\/wp-content\/uploads\/2020\/11\/IMG_20201105_131837_474-Copy.jpg?resize=800%2C600&amp;ssl=1 800w\" data-sizes=\"(max-width: 1536px) 100vw, 1536px\" src=\"data:image\/svg+xml;base64,PHN2ZyB3aWR0aD0iMSIgaGVpZ2h0PSIxIiB4bWxucz0iaHR0cDovL3d3dy53My5vcmcvMjAwMC9zdmciPjwvc3ZnPg==\" style=\"--smush-placeholder-width: 1536px; --smush-placeholder-aspect-ratio: 1536\/1152;\" \/>\t\t\t\t\t\t\t\t\t\t\t<figcaption class=\"widget-image-caption wp-caption-text\">Je vais devoir trouver un peu de place pour pourvoir satisfaire tout le monde<\/figcaption>\n\t\t\t\t\t\t\t\t\t\t<\/figure>\n\t\t\t\t\t\t\t\t\t<\/div>\n\t\t\t\t<\/div>\n\t\t\t\t\t<\/div>\n\t\t<\/div>\n\t\t\t\t\t<\/div>\n\t\t<\/section>\n\t\t\t\t<\/div>\n\t\t","protected":false},"excerpt":{"rendered":"<p>Pas de confinement pour les huitres et les moules de Bouzigues, elles seront \u00e0 Gilly sur Is\u00e8re cette semaine Retrouvez moi devant Saveurs de nos Fermes \u00e0 Gilly sur Is\u00e8re, \u00e0 cot\u00e9 d&rsquo;Albertville et \u00e0 Chamb\u00e9ry devant La Ravoire Paysanne et La coop\u00e9rative du Tremblay. Je vous proposerai mes huitres et moules de Bouzigues, ainsi [&hellip;]<\/p>\n","protected":false},"author":1,"featured_media":2230,"comment_status":"closed","ping_status":"closed","sticky":true,"template":"","format":"standard","meta":{"_acf_changed":false,"zakra_page_container_layout":"customizer","zakra_page_sidebar_layout":"customizer","zakra_remove_content_margin":false,"zakra_sidebar":"customizer","zakra_transparent_header":"customizer","zakra_logo":0,"zakra_main_header_style":"default","zakra_menu_item_color":"","zakra_menu_item_hover_color":"","zakra_menu_item_active_color":"","zakra_menu_active_style":"","zakra_page_header":true,"_jetpack_memberships_contains_paid_content":false,"footnotes":""},"categories":[2],"tags":[],"class_list":["post-2256","post","type-post","status-publish","format-standard","has-post-thumbnail","hentry","category-blog"],"acf":[],"yoast_head":"<!-- This site is optimized with the Yoast SEO plugin v27.5 - https:\/\/yoast.com\/product\/yoast-seo-wordpress\/ -->\n<title>Pas de confinement pour les Huitres et Moules de Bouzigues, rendez vous vendredi et samedi \u00e0 Gilly sur Is\u00e8re Ostr\u00e9isud<\/title>\n<meta name=\"description\" content=\"Pas de confinement pour les Huitres et Moules de Bouzigues, ce weekend vente \u00e0 gilly sur Is\u00e8e, devant Saveurs de nos Fermes\" \/>\n<meta name=\"robots\" content=\"index, follow, max-snippet:-1, max-image-preview:large, max-video-preview:-1\" \/>\n<link rel=\"canonical\" href=\"https:\/\/ostreisud.fr\/?p=2256\" \/>\n<meta property=\"og:locale\" content=\"fr_FR\" \/>\n<meta property=\"og:type\" content=\"article\" \/>\n<meta property=\"og:title\" content=\"Pas de confinement pour les Huitres et Moules de Bouzigues, rendez vous vendredi et samedi \u00e0 Gilly sur Is\u00e8re Ostr\u00e9isud\" \/>\n<meta property=\"og:description\" content=\"Pas de confinement pour les Huitres et Moules de Bouzigues, ce weekend vente \u00e0 gilly sur Is\u00e8e, devant Saveurs de nos Fermes\" \/>\n<meta property=\"og:url\" content=\"https:\/\/ostreisud.fr\/?p=2256\" \/>\n<meta property=\"og:site_name\" content=\"Ostr\u00e9isud\" \/>\n<meta property=\"article:publisher\" content=\"https:\/\/www.facebook.com\/ostreisud\" \/>\n<meta property=\"article:published_time\" content=\"2020-11-17T17:09:14+00:00\" \/>\n<meta property=\"article:modified_time\" content=\"2024-05-15T09:23:59+00:00\" \/>\n<meta property=\"og:image\" content=\"https:\/\/ostreisud.fr\/wp-content\/uploads\/2020\/10\/IMG_20201004_081232_281.jpg\" \/>\n\t<meta property=\"og:image:width\" content=\"1600\" \/>\n\t<meta property=\"og:image:height\" content=\"1203\" \/>\n\t<meta property=\"og:image:type\" content=\"image\/jpeg\" \/>\n<meta name=\"author\" content=\"Alexandre\" \/>\n<meta name=\"twitter:card\" content=\"summary_large_image\" \/>\n<meta name=\"twitter:label1\" content=\"\u00c9crit par\" \/>\n\t<meta name=\"twitter:data1\" content=\"Alexandre\" \/>\n\t<meta name=\"twitter:label2\" content=\"Dur\u00e9e de lecture estim\u00e9e\" \/>\n\t<meta name=\"twitter:data2\" content=\"3 minutes\" \/>\n<script type=\"application\/ld+json\" class=\"yoast-schema-graph\">{\"@context\":\"https:\\\/\\\/schema.org\",\"@graph\":[{\"@type\":\"Article\",\"@id\":\"https:\\\/\\\/ostreisud.fr\\\/?p=2256#article\",\"isPartOf\":{\"@id\":\"https:\\\/\\\/ostreisud.fr\\\/?p=2256\"},\"author\":{\"name\":\"Alexandre\",\"@id\":\"https:\\\/\\\/ostreisud.fr\\\/#\\\/schema\\\/person\\\/f34c5d6cd4ad1d9d132957e41d503ccc\"},\"headline\":\"Pas de confinement pour les Huitres et Moules de Bouzigues, rendez vous vendredi et samedi \u00e0 Gilly sur Is\u00e8re\",\"datePublished\":\"2020-11-17T17:09:14+00:00\",\"dateModified\":\"2024-05-15T09:23:59+00:00\",\"mainEntityOfPage\":{\"@id\":\"https:\\\/\\\/ostreisud.fr\\\/?p=2256\"},\"wordCount\":244,\"publisher\":{\"@id\":\"https:\\\/\\\/ostreisud.fr\\\/#organization\"},\"image\":{\"@id\":\"https:\\\/\\\/ostreisud.fr\\\/?p=2256#primaryimage\"},\"thumbnailUrl\":\"https:\\\/\\\/i0.wp.com\\\/ostreisud.fr\\\/wp-content\\\/uploads\\\/2020\\\/10\\\/IMG_20201004_081232_281.jpg?fit=1600%2C1203&ssl=1\",\"articleSection\":[\"Blog\"],\"inLanguage\":\"fr-FR\"},{\"@type\":\"WebPage\",\"@id\":\"https:\\\/\\\/ostreisud.fr\\\/?p=2256\",\"url\":\"https:\\\/\\\/ostreisud.fr\\\/?p=2256\",\"name\":\"Pas de confinement pour les Huitres et Moules de Bouzigues, rendez vous vendredi et samedi \u00e0 Gilly sur Is\u00e8re Ostr\u00e9isud\",\"isPartOf\":{\"@id\":\"https:\\\/\\\/ostreisud.fr\\\/#website\"},\"primaryImageOfPage\":{\"@id\":\"https:\\\/\\\/ostreisud.fr\\\/?p=2256#primaryimage\"},\"image\":{\"@id\":\"https:\\\/\\\/ostreisud.fr\\\/?p=2256#primaryimage\"},\"thumbnailUrl\":\"https:\\\/\\\/i0.wp.com\\\/ostreisud.fr\\\/wp-content\\\/uploads\\\/2020\\\/10\\\/IMG_20201004_081232_281.jpg?fit=1600%2C1203&ssl=1\",\"datePublished\":\"2020-11-17T17:09:14+00:00\",\"dateModified\":\"2024-05-15T09:23:59+00:00\",\"description\":\"Pas de confinement pour les Huitres et Moules de Bouzigues, ce weekend vente \u00e0 gilly sur Is\u00e8e, devant Saveurs de nos Fermes\",\"breadcrumb\":{\"@id\":\"https:\\\/\\\/ostreisud.fr\\\/?p=2256#breadcrumb\"},\"inLanguage\":\"fr-FR\",\"potentialAction\":[{\"@type\":\"ReadAction\",\"target\":[\"https:\\\/\\\/ostreisud.fr\\\/?p=2256\"]}]},{\"@type\":\"ImageObject\",\"inLanguage\":\"fr-FR\",\"@id\":\"https:\\\/\\\/ostreisud.fr\\\/?p=2256#primaryimage\",\"url\":\"https:\\\/\\\/i0.wp.com\\\/ostreisud.fr\\\/wp-content\\\/uploads\\\/2020\\\/10\\\/IMG_20201004_081232_281.jpg?fit=1600%2C1203&ssl=1\",\"contentUrl\":\"https:\\\/\\\/i0.wp.com\\\/ostreisud.fr\\\/wp-content\\\/uploads\\\/2020\\\/10\\\/IMG_20201004_081232_281.jpg?fit=1600%2C1203&ssl=1\",\"width\":1600,\"height\":1203,\"caption\":\"r\u00e9colte huitre thau\"},{\"@type\":\"BreadcrumbList\",\"@id\":\"https:\\\/\\\/ostreisud.fr\\\/?p=2256#breadcrumb\",\"itemListElement\":[{\"@type\":\"ListItem\",\"position\":1,\"name\":\"Accueil\",\"item\":\"https:\\\/\\\/ostreisud.fr\\\/\"},{\"@type\":\"ListItem\",\"position\":2,\"name\":\"Pas de confinement pour les Huitres et Moules de Bouzigues, rendez vous vendredi et samedi \u00e0 Gilly sur Is\u00e8re\"}]},{\"@type\":\"WebSite\",\"@id\":\"https:\\\/\\\/ostreisud.fr\\\/#website\",\"url\":\"https:\\\/\\\/ostreisud.fr\\\/\",\"name\":\"Ostr\u00e9isud\",\"description\":\"Artisan ostr\u00e9iculteur, producteur d\u2019hu\u00eetres, de moules et de coquillages sur le bassin de Thau\",\"publisher\":{\"@id\":\"https:\\\/\\\/ostreisud.fr\\\/#organization\"},\"potentialAction\":[{\"@type\":\"SearchAction\",\"target\":{\"@type\":\"EntryPoint\",\"urlTemplate\":\"https:\\\/\\\/ostreisud.fr\\\/?s={search_term_string}\"},\"query-input\":{\"@type\":\"PropertyValueSpecification\",\"valueRequired\":true,\"valueName\":\"search_term_string\"}}],\"inLanguage\":\"fr-FR\"},{\"@type\":\"Organization\",\"@id\":\"https:\\\/\\\/ostreisud.fr\\\/#organization\",\"name\":\"Ostr\u00e9isud\",\"url\":\"https:\\\/\\\/ostreisud.fr\\\/\",\"logo\":{\"@type\":\"ImageObject\",\"inLanguage\":\"fr-FR\",\"@id\":\"https:\\\/\\\/ostreisud.fr\\\/#\\\/schema\\\/logo\\\/image\\\/\",\"url\":\"https:\\\/\\\/i2.wp.com\\\/ostreisud.fr\\\/wp-content\\\/uploads\\\/2020\\\/09\\\/Untitled-2-1-e1600143130840.png?fit=500%2C300&ssl=1\",\"contentUrl\":\"https:\\\/\\\/i2.wp.com\\\/ostreisud.fr\\\/wp-content\\\/uploads\\\/2020\\\/09\\\/Untitled-2-1-e1600143130840.png?fit=500%2C300&ssl=1\",\"width\":500,\"height\":300,\"caption\":\"Ostr\u00e9isud\"},\"image\":{\"@id\":\"https:\\\/\\\/ostreisud.fr\\\/#\\\/schema\\\/logo\\\/image\\\/\"},\"sameAs\":[\"https:\\\/\\\/www.facebook.com\\\/ostreisud\"]},{\"@type\":\"Person\",\"@id\":\"https:\\\/\\\/ostreisud.fr\\\/#\\\/schema\\\/person\\\/f34c5d6cd4ad1d9d132957e41d503ccc\",\"name\":\"Alexandre\",\"url\":\"https:\\\/\\\/ostreisud.fr\\\/?author=1\"}]}<\/script>\n<!-- \/ Yoast SEO plugin. -->","yoast_head_json":{"title":"Pas de confinement pour les Huitres et Moules de Bouzigues, rendez vous vendredi et samedi \u00e0 Gilly sur Is\u00e8re Ostr\u00e9isud","description":"Pas de confinement pour les Huitres et Moules de Bouzigues, ce weekend vente \u00e0 gilly sur Is\u00e8e, devant Saveurs de nos Fermes","robots":{"index":"index","follow":"follow","max-snippet":"max-snippet:-1","max-image-preview":"max-image-preview:large","max-video-preview":"max-video-preview:-1"},"canonical":"https:\/\/ostreisud.fr\/?p=2256","og_locale":"fr_FR","og_type":"article","og_title":"Pas de confinement pour les Huitres et Moules de Bouzigues, rendez vous vendredi et samedi \u00e0 Gilly sur Is\u00e8re Ostr\u00e9isud","og_description":"Pas de confinement pour les Huitres et Moules de Bouzigues, ce weekend vente \u00e0 gilly sur Is\u00e8e, devant Saveurs de nos Fermes","og_url":"https:\/\/ostreisud.fr\/?p=2256","og_site_name":"Ostr\u00e9isud","article_publisher":"https:\/\/www.facebook.com\/ostreisud","article_published_time":"2020-11-17T17:09:14+00:00","article_modified_time":"2024-05-15T09:23:59+00:00","og_image":[{"width":1600,"height":1203,"url":"https:\/\/ostreisud.fr\/wp-content\/uploads\/2020\/10\/IMG_20201004_081232_281.jpg","type":"image\/jpeg"}],"author":"Alexandre","twitter_card":"summary_large_image","twitter_misc":{"\u00c9crit par":"Alexandre","Dur\u00e9e de lecture estim\u00e9e":"3 minutes"},"schema":{"@context":"https:\/\/schema.org","@graph":[{"@type":"Article","@id":"https:\/\/ostreisud.fr\/?p=2256#article","isPartOf":{"@id":"https:\/\/ostreisud.fr\/?p=2256"},"author":{"name":"Alexandre","@id":"https:\/\/ostreisud.fr\/#\/schema\/person\/f34c5d6cd4ad1d9d132957e41d503ccc"},"headline":"Pas de confinement pour les Huitres et Moules de Bouzigues, rendez vous vendredi et samedi \u00e0 Gilly sur Is\u00e8re","datePublished":"2020-11-17T17:09:14+00:00","dateModified":"2024-05-15T09:23:59+00:00","mainEntityOfPage":{"@id":"https:\/\/ostreisud.fr\/?p=2256"},"wordCount":244,"publisher":{"@id":"https:\/\/ostreisud.fr\/#organization"},"image":{"@id":"https:\/\/ostreisud.fr\/?p=2256#primaryimage"},"thumbnailUrl":"https:\/\/i0.wp.com\/ostreisud.fr\/wp-content\/uploads\/2020\/10\/IMG_20201004_081232_281.jpg?fit=1600%2C1203&ssl=1","articleSection":["Blog"],"inLanguage":"fr-FR"},{"@type":"WebPage","@id":"https:\/\/ostreisud.fr\/?p=2256","url":"https:\/\/ostreisud.fr\/?p=2256","name":"Pas de confinement pour les Huitres et Moules de Bouzigues, rendez vous vendredi et samedi \u00e0 Gilly sur Is\u00e8re Ostr\u00e9isud","isPartOf":{"@id":"https:\/\/ostreisud.fr\/#website"},"primaryImageOfPage":{"@id":"https:\/\/ostreisud.fr\/?p=2256#primaryimage"},"image":{"@id":"https:\/\/ostreisud.fr\/?p=2256#primaryimage"},"thumbnailUrl":"https:\/\/i0.wp.com\/ostreisud.fr\/wp-content\/uploads\/2020\/10\/IMG_20201004_081232_281.jpg?fit=1600%2C1203&ssl=1","datePublished":"2020-11-17T17:09:14+00:00","dateModified":"2024-05-15T09:23:59+00:00","description":"Pas de confinement pour les Huitres et Moules de Bouzigues, ce weekend vente \u00e0 gilly sur Is\u00e8e, devant Saveurs de nos Fermes","breadcrumb":{"@id":"https:\/\/ostreisud.fr\/?p=2256#breadcrumb"},"inLanguage":"fr-FR","potentialAction":[{"@type":"ReadAction","target":["https:\/\/ostreisud.fr\/?p=2256"]}]},{"@type":"ImageObject","inLanguage":"fr-FR","@id":"https:\/\/ostreisud.fr\/?p=2256#primaryimage","url":"https:\/\/i0.wp.com\/ostreisud.fr\/wp-content\/uploads\/2020\/10\/IMG_20201004_081232_281.jpg?fit=1600%2C1203&ssl=1","contentUrl":"https:\/\/i0.wp.com\/ostreisud.fr\/wp-content\/uploads\/2020\/10\/IMG_20201004_081232_281.jpg?fit=1600%2C1203&ssl=1","width":1600,"height":1203,"caption":"r\u00e9colte huitre thau"},{"@type":"BreadcrumbList","@id":"https:\/\/ostreisud.fr\/?p=2256#breadcrumb","itemListElement":[{"@type":"ListItem","position":1,"name":"Accueil","item":"https:\/\/ostreisud.fr\/"},{"@type":"ListItem","position":2,"name":"Pas de confinement pour les Huitres et Moules de Bouzigues, rendez vous vendredi et samedi \u00e0 Gilly sur Is\u00e8re"}]},{"@type":"WebSite","@id":"https:\/\/ostreisud.fr\/#website","url":"https:\/\/ostreisud.fr\/","name":"Ostr\u00e9isud","description":"Artisan ostr\u00e9iculteur, producteur d\u2019hu\u00eetres, de moules et de coquillages sur le bassin de Thau","publisher":{"@id":"https:\/\/ostreisud.fr\/#organization"},"potentialAction":[{"@type":"SearchAction","target":{"@type":"EntryPoint","urlTemplate":"https:\/\/ostreisud.fr\/?s={search_term_string}"},"query-input":{"@type":"PropertyValueSpecification","valueRequired":true,"valueName":"search_term_string"}}],"inLanguage":"fr-FR"},{"@type":"Organization","@id":"https:\/\/ostreisud.fr\/#organization","name":"Ostr\u00e9isud","url":"https:\/\/ostreisud.fr\/","logo":{"@type":"ImageObject","inLanguage":"fr-FR","@id":"https:\/\/ostreisud.fr\/#\/schema\/logo\/image\/","url":"https:\/\/i2.wp.com\/ostreisud.fr\/wp-content\/uploads\/2020\/09\/Untitled-2-1-e1600143130840.png?fit=500%2C300&ssl=1","contentUrl":"https:\/\/i2.wp.com\/ostreisud.fr\/wp-content\/uploads\/2020\/09\/Untitled-2-1-e1600143130840.png?fit=500%2C300&ssl=1","width":500,"height":300,"caption":"Ostr\u00e9isud"},"image":{"@id":"https:\/\/ostreisud.fr\/#\/schema\/logo\/image\/"},"sameAs":["https:\/\/www.facebook.com\/ostreisud"]},{"@type":"Person","@id":"https:\/\/ostreisud.fr\/#\/schema\/person\/f34c5d6cd4ad1d9d132957e41d503ccc","name":"Alexandre","url":"https:\/\/ostreisud.fr\/?author=1"}]}},"jetpack_featured_media_url":"https:\/\/i0.wp.com\/ostreisud.fr\/wp-content\/uploads\/2020\/10\/IMG_20201004_081232_281.jpg?fit=1600%2C1203&ssl=1","jetpack_sharing_enabled":true,"_links":{"self":[{"href":"https:\/\/ostreisud.fr\/index.php?rest_route=\/wp\/v2\/posts\/2256","targetHints":{"allow":["GET"]}}],"collection":[{"href":"https:\/\/ostreisud.fr\/index.php?rest_route=\/wp\/v2\/posts"}],"about":[{"href":"https:\/\/ostreisud.fr\/index.php?rest_route=\/wp\/v2\/types\/post"}],"author":[{"embeddable":true,"href":"https:\/\/ostreisud.fr\/index.php?rest_route=\/wp\/v2\/users\/1"}],"replies":[{"embeddable":true,"href":"https:\/\/ostreisud.fr\/index.php?rest_route=%2Fwp%2Fv2%2Fcomments&post=2256"}],"version-history":[{"count":6,"href":"https:\/\/ostreisud.fr\/index.php?rest_route=\/wp\/v2\/posts\/2256\/revisions"}],"predecessor-version":[{"id":4171,"href":"https:\/\/ostreisud.fr\/index.php?rest_route=\/wp\/v2\/posts\/2256\/revisions\/4171"}],"wp:featuredmedia":[{"embeddable":true,"href":"https:\/\/ostreisud.fr\/index.php?rest_route=\/wp\/v2\/media\/2230"}],"wp:attachment":[{"href":"https:\/\/ostreisud.fr\/index.php?rest_route=%2Fwp%2Fv2%2Fmedia&parent=2256"}],"wp:term":[{"taxonomy":"category","embeddable":true,"href":"https:\/\/ostreisud.fr\/index.php?rest_route=%2Fwp%2Fv2%2Fcategories&post=2256"},{"taxonomy":"post_tag","embeddable":true,"href":"https:\/\/ostreisud.fr\/index.php?rest_route=%2Fwp%2Fv2%2Ftags&post=2256"}],"curies":[{"name":"wp","href":"https:\/\/api.w.org\/{rel}","templated":true}]}}